[{"@context":"https:\/\/schema.org\/","@type":"Article","@id":"https:\/\/www.comnetpl.cz\/darky-pro-aktivniho-i-lenosiveho-cloveka-na-jednom-miste\/#Article","mainEntityOfPage":"https:\/\/www.comnetpl.cz\/darky-pro-aktivniho-i-lenosiveho-cloveka-na-jednom-miste\/","headline":"D\u00e1rky pro aktivn\u00edho i leno\u0161iv\u00e9ho \u010dlov\u011bka na jednom m\u00edst\u011b","name":"D\u00e1rky pro aktivn\u00edho i leno\u0161iv\u00e9ho \u010dlov\u011bka na jednom m\u00edst\u011b","description":"N\u011bkdo rad\u011bji vyzn\u00e1v\u00e1 \u017eivotn\u00ed styl pln\u00fd pohybu, n\u011bkdo \u017eije sp\u00ed\u0161e zase poklidn\u011bj\u0161\u00ed \u017eivot a preferuje p\u0159ed","datePublished":"2019-10-03","dateModified":"2023-04-28","author":{"@type":"Person","@id":"https:\/\/www.comnetpl.cz\/author\/#Person","name":"comnetpl.cz\n","url":"https:\/\/www.comnetpl.cz\/author\/","identifier":1,"image":{"@type":"ImageObject","@id":"https:\/\/secure.gravatar.com\/avatar\/aa16db3f0f92015edeb6ced2fbc10116de89c6b4888114a368937de5fe58241b?s=96&d=mm&r=g","url":"https:\/\/secure.gravatar.com\/avatar\/aa16db3f0f92015edeb6ced2fbc10116de89c6b4888114a368937de5fe58241b?s=96&d=mm&r=g","height":96,"width":96}},"publisher":{"@type":"Organization","name":"comnetpl.cz","logo":{"@type":"ImageObject","@id":"\/logo.png","url":"\/logo.png","width":600,"height":60}},"image":{"@type":"ImageObject","@id":"https:\/\/www.comnetpl.cz\/wp-content\/uploads\/img_a365240_w1922_t1578224803.jpg","url":"https:\/\/www.comnetpl.cz\/wp-content\/uploads\/img_a365240_w1922_t1578224803.jpg","height":0,"width":0},"url":"https:\/\/www.comnetpl.cz\/darky-pro-aktivniho-i-lenosiveho-cloveka-na-jednom-miste\/","about":["Produkty"],"wordCount":445,"articleBody":"        N\u011bkdo rad\u011bji vyzn\u00e1v\u00e1 \u017eivotn\u00ed styl pln\u00fd pohybu, n\u011bkdo \u017eije sp\u00ed\u0161e zase poklidn\u011bj\u0161\u00ed \u017eivot a preferuje p\u0159ed pohybem odpo\u010dinek, relaxaci a klidn\u011bj\u0161\u00ed \u010dinnosti. Podle toho pak takov\u00fdm osob\u00e1m m\u016f\u017eete vybrat vhodnou v\u011bc k narozenin\u00e1m nebo V\u00e1noc\u016fm, pokud je dob\u0159e zn\u00e1te a pokud v\u00edte, jak\u00fd zp\u016fsob \u017eivotn\u00edho stylu preferuj\u00ed. Pokud danou osobu takto dob\u0159e zn\u00e1te, m\u00e1te hned vyb\u00edr\u00e1n\u00ed vhodn\u00e9 v\u011bci mnohem jednodu\u0161\u0161\u00ed. Vyberte si z d\u00e1rk\u016f pro aktivn\u00ed i leno\u0161iv\u011bj\u0161\u00ed a ud\u011blejte jim radost k narozenin\u00e1m nebo pod strome\u010dek.  Pro ty, kte\u0159\u00ed jsou r\u00e1di v pohybu Sh\u00e1n\u00edte n\u011bco vhodn\u00e9ho, pro va\u0161e bl\u00edzk\u00e9, kte\u0159\u00ed jsou r\u00e1di v pohybu, miluj\u00ed sport a nevydr\u017e\u00ed jen tak posed\u00e1vat a nic ned\u011blat? Pokud m\u00e1 dan\u00e1 osoba dostatek m\u00edsta t\u0159eba na zahrad\u011b, pak nen\u00ed nad \u010d\u00edm v\u00e1hat a vy tak m\u016f\u017eete po\u0159\u00eddit sk\u00e1kac\u00ed trampol\u00ednu s ochrannou s\u00edt\u00ed, d\u00edky kter\u00e9 p\u0159ibyde jedine\u010dn\u00e1 mo\u017enost k pohybu a sportov\u00e1n\u00ed. Nav\u00edc tento sportovn\u00ed prvek ocen\u00ed v rodin\u00e1ch s d\u011btmi, proto\u017ee nen\u00ed snad \u017e\u00e1dn\u00e9 d\u00edtko, kter\u00e9 by mo\u017enosti z\u00e1bavn\u00e9ho sk\u00e1k\u00e1n\u00ed na trampol\u00edn\u011b necht\u011blo vyu\u017e\u00edt. Trampol\u00edna je k dost\u00e1n\u00ed v n\u011bkolika velikostech, sta\u010d\u00ed jen vybrat.  Pro ty, kte\u0159\u00ed r\u00e1di relaxuj\u00ed Naopak, pokud sh\u00e1n\u00edte vhodn\u00fd d\u00e1rek pro \u010dlov\u011bka, kter\u00fd je sp\u00ed\u0161e vyznava\u010dem odpo\u010dinku a relaxace a sportu moc ned\u00e1, pak pro n\u011bj m\u016f\u017eete vybrat skv\u011bl\u00fd interi\u00e9rov\u00fd a exteri\u00e9rov\u00fd dopln\u011bk v jednom \u2013 pohodln\u00fd relaxa\u010dn\u00ed sedac\u00ed pytel. Vybrat m\u016f\u017eete z r\u016fzn\u00fdch velikost\u00ed a barev. T\u00edmto dopl\u0148kem ur\u010dit\u011b ud\u011bl\u00e1te radost, proto\u017ee se d\u00e1 vyu\u017e\u00edt jak doma, tak i venku k pohodln\u00e9mu leno\u0161en\u00ed a uveleben\u00ed se v p\u0159\u00edjemn\u00e9 a pohodln\u00e9 pozici. Pak u\u017e nezb\u00fdv\u00e1 nic jin\u00e9ho ne\u017e si u\u017e\u00edvat sladk\u00e9 nicned\u011bl\u00e1n\u00ed. https:\/\/moovitapp.com\/index\/cs\/ve%25C5%2599ejn%25C3%25A1_doprava-To_Nicned%25C4%259Bl%25C3%25A1n%25C3%25AD-Brno-efsite_58ef719d8f2c1a1bacadbe1d-4005  A tento dopln\u011bk si op\u011bt jist\u011b u\u017eij\u00ed i mal\u00e9 d\u011bti. Vyberte si z n\u011bkolika mo\u017enost\u00ed a po\u0159i\u010fte va\u0161im bl\u00edzk\u00fdm k narozenin\u00e1m nebo pod strome\u010dek to, co si zamiluj\u00ed a co bude p\u0159esn\u011b podle jejich vkusu \u2013 trampol\u00ednu pro aktivn\u00ed nebo sedac\u00ed pytel pro leno\u0161iv\u011bj\u0161\u00ed.                                                                                                                                                                                                                                                                                                                                                                                           4.4\/5 - (9 votes)        "},{"@context":"https:\/\/schema.org\/","@type":"BreadcrumbList","itemListElement":[{"@type":"ListItem","position":1,"name":"D\u00e1rky pro aktivn\u00edho i leno\u0161iv\u00e9ho \u010dlov\u011bka na jednom m\u00edst\u011b","item":"https:\/\/www.comnetpl.cz\/darky-pro-aktivniho-i-lenosiveho-cloveka-na-jednom-miste\/#breadcrumbitem"}]}]