[{"@context":"https:\/\/schema.org\/","@type":"Article","@id":"https:\/\/www.comnetpl.cz\/kde-se-sklenene-zabradli-nejcasteji-pouziva\/#Article","mainEntityOfPage":"https:\/\/www.comnetpl.cz\/kde-se-sklenene-zabradli-nejcasteji-pouziva\/","headline":"Kde se sklen\u011bn\u00e9 z\u00e1bradl\u00ed nej\u010dast\u011bji pou\u017e\u00edv\u00e1","name":"Kde se sklen\u011bn\u00e9 z\u00e1bradl\u00ed nej\u010dast\u011bji pou\u017e\u00edv\u00e1","description":"Kdy\u017e se \u0159ekne sklen\u011bn\u00e9 z\u00e1bradl\u00ed http:\/\/www.kmkdesign.cz\/zabradli-sklenena.php, m\u00e1lokdo si okam\u017eit\u011b vybav\u00ed, kde je naposledy vid\u011bl. Je to","datePublished":"2019-10-16","dateModified":"2023-04-28","author":{"@type":"Person","@id":"https:\/\/www.comnetpl.cz\/author\/#Person","name":"comnetpl.cz\n","url":"https:\/\/www.comnetpl.cz\/author\/","identifier":1,"image":{"@type":"ImageObject","@id":"https:\/\/secure.gravatar.com\/avatar\/aa16db3f0f92015edeb6ced2fbc10116de89c6b4888114a368937de5fe58241b?s=96&d=mm&r=g","url":"https:\/\/secure.gravatar.com\/avatar\/aa16db3f0f92015edeb6ced2fbc10116de89c6b4888114a368937de5fe58241b?s=96&d=mm&r=g","height":96,"width":96}},"publisher":{"@type":"Organization","name":"comnetpl.cz","logo":{"@type":"ImageObject","@id":"\/logo.png","url":"\/logo.png","width":600,"height":60}},"image":{"@type":"ImageObject","@id":"https:\/\/www.comnetpl.cz\/wp-content\/uploads\/img_a369342_w1922_t1581521791.jpg","url":"https:\/\/www.comnetpl.cz\/wp-content\/uploads\/img_a369342_w1922_t1581521791.jpg","height":0,"width":0},"url":"https:\/\/www.comnetpl.cz\/kde-se-sklenene-zabradli-nejcasteji-pouziva\/","about":["Slu\u017eby"],"wordCount":485,"articleBody":"         Kdy\u017e se \u0159ekne sklen\u011bn\u00e9 z\u00e1bradl\u00ed http:\/\/www.kmkdesign.cz\/zabradli-sklenena.php, m\u00e1lokdo si okam\u017eit\u011b vybav\u00ed, kde je naposledy vid\u011bl. Je to p\u0159edev\u0161\u00edm proto, \u017ee takov\u00fdm v\u011bcem m\u00e1lokdy v\u011bnujeme pozornost. P\u0159esto se jedn\u00e1 o hojn\u011b pou\u017e\u00edvan\u00fd materi\u00e1l. Prvn\u00ed, co n\u00e1s napadne, je jeho pravd\u011bpodobn\u00e1 nebezpe\u010dnost, nebo\u0165 m\u00e1 n\u00edzkou v\u00fddr\u017e p\u0159i n\u00e1razu. Nen\u00ed v\u0161ak t\u0159eba se b\u00e1t, nebo\u0165 na rozd\u00edl od klasick\u00e9ho skla, toto je upraveno tak, aby p\u0159eci jen vydr\u017eelo o n\u011bco v\u00edce. Koneckonc\u016f m\u00e1me n\u011bjak\u00e1 bezpe\u010dnostn\u00ed pravidla. Faktem v\u0161ak je, \u017ee je vyb\u00edr\u00e1no nikoliv pro sv\u00e9 dobr\u00e9 vlastnosti, jako je snadn\u00e1 \u00fadr\u017eba, trvanlivost a odolnost v\u016f\u010di tlaku, n\u00fdbr\u017e pro sv\u00e9 estetick\u00e9 kvality. Z toho d\u016fvodu jej nej\u010dast\u011bji vid\u00edme tam, kde dob\u0159e zapadne do celkov\u00e9ho prost\u0159ed\u00ed. Je v\u0161ak t\u0159eba nejprve oz\u0159ejmit, \u017ee samoz\u0159ejm\u011b nen\u00ed cel\u00e9 ze skla \u2013 to by byl velk\u00fd bezpe\u010dnostn\u00ed hazard. Sklo m\u00edsto toho tvo\u0159\u00ed v\u00fdpl\u0148 nej\u010dast\u011bji kovov\u00e9 konstrukce. Bezpe\u010dnost v\u0161ak nen\u00ed t\u00edm nejd\u016fle\u017eit\u011bj\u0161\u00edm c\u00edlem. https:\/\/www.kosmas.cz\/knihy\/134087\/pruvodce-poutnika-na-ceste-za-nejzazsim-cilem\/  A\u010dkoliv, se jedn\u00e1 o snadno udr\u017eiteln\u00fd materi\u00e1l, p\u0159esto je n\u00e1chyln\u00fd k za\u0161pin\u011bn\u00ed pomoc\u00ed lidsk\u00e9ho potu na dlan\u00edch. Pot\u00e9 se tvo\u0159\u00ed klasick\u00e9 \u0161mouhy, kter\u00e9 jdou p\u0159eci jen h\u016f\u0159e odstranit. Kov v\u0161ak takov\u00fdto probl\u00e9m nem\u00e1, proto je ho pou\u017eito jako r\u00e1mu. Av\u0161ak nejen v obchodn\u00edch st\u0159edisc\u00edch nalezneme sklen\u011bn\u00e1 z\u00e1bradl\u00ed. Dnes ji\u017e klasick\u00fdm p\u0159\u00edkladem mohou b\u00fdt panelov\u00e9 domy, kde bylo n\u011bkdy vyu\u017e\u00edv\u00e1no m\u00edsto typi\u010dt\u011bj\u0161\u00edho ty\u010dovit\u00e9ho. Bohu\u017eel bylo \u010dast\u011bji rozb\u00edjeno, nebo\u0165 na rozd\u00edl od obchodn\u00edch dom\u016f zde nen\u00ed \u017e\u00e1dn\u00fd konstantn\u00ed dozor a ani nen\u00ed prohl\u00ed\u017eeno ka\u017ed\u00fd den, kdy jsou sebemen\u0161\u00ed od\u011brky ihned opraveny.  D\u00e1le jej m\u016f\u017eeme zn\u00e1t nap\u0159\u00edklad u v\u00fdchod\u016f z n\u011bkter\u00fdch modernizovan\u00fdch stanic metra. Zde jde op\u011bt hlavn\u011b o architektoniku sp\u00ed\u0161e ne\u017e o \u00fa\u010del. Stavitel zkr\u00e1tka rozhodl, \u017ee takto to vypad\u00e1 dob\u0159e, bez ohledu na mo\u017en\u00e1 rizika. Komise nakonec usoudila, \u017ee ta jsou dost mal\u00e1 na to, aby tento projekt pro\u0161el. Ale jak vid\u00edme, nen\u00ed to v\u017edy dobr\u00fd n\u00e1pad. Sta\u010d\u00ed se pod\u00edvat n\u011bkde u zapadlej\u0161\u00edch a opu\u0161t\u011bn\u011bj\u0161\u00edch stanic, kde toto bylo zavedeno. Je vid\u011bt, \u017ee sklo najdeme na mnoha m\u00edstech. P\u0159es v\u0161echny sv\u00e9 nedostatky je to velmi dobr\u00fd materi\u00e1l, kter\u00fd rozhodn\u011b nest\u00e1rne a ur\u010dit\u011b bude ve sv\u00fdch mnoha variac\u00edch i nad\u00e1le \u010dasto pou\u017e\u00edv\u00e1n.                                                                                                                                                                                                                                                                                                                                                                                          4.5\/5 - (10 votes)        "},{"@context":"https:\/\/schema.org\/","@type":"BreadcrumbList","itemListElement":[{"@type":"ListItem","position":1,"name":"Kde se sklen\u011bn\u00e9 z\u00e1bradl\u00ed nej\u010dast\u011bji pou\u017e\u00edv\u00e1","item":"https:\/\/www.comnetpl.cz\/kde-se-sklenene-zabradli-nejcasteji-pouziva\/#breadcrumbitem"}]}]