[{"@context":"https:\/\/schema.org\/","@type":"Article","@id":"https:\/\/www.comnetpl.cz\/nemoc-mi-zmenila-zivot\/#Article","mainEntityOfPage":"https:\/\/www.comnetpl.cz\/nemoc-mi-zmenila-zivot\/","headline":"Nemoc mi zm\u011bnila \u017eivot","name":"Nemoc mi zm\u011bnila \u017eivot","description":"P\u0159ed n\u011bkolika m\u011bs\u00edci mi l\u00e9ka\u0159i diagnostikovali rakovinu. N\u00e1stup nemoci byl velmi rychl\u00fd. Sna\u017eila jsem se bojovat,","datePublished":"2025-01-16","dateModified":"2025-01-16","author":{"@type":"Person","@id":"https:\/\/www.comnetpl.cz\/author\/#Person","name":"comnetpl.cz\n","url":"https:\/\/www.comnetpl.cz\/author\/","identifier":1,"image":{"@type":"ImageObject","@id":"https:\/\/secure.gravatar.com\/avatar\/aa16db3f0f92015edeb6ced2fbc10116de89c6b4888114a368937de5fe58241b?s=96&d=mm&r=g","url":"https:\/\/secure.gravatar.com\/avatar\/aa16db3f0f92015edeb6ced2fbc10116de89c6b4888114a368937de5fe58241b?s=96&d=mm&r=g","height":96,"width":96}},"publisher":{"@type":"Organization","name":"comnetpl.cz","logo":{"@type":"ImageObject","@id":"\/logo.png","url":"\/logo.png","width":600,"height":60}},"url":"https:\/\/www.comnetpl.cz\/nemoc-mi-zmenila-zivot\/","wordCount":189,"articleBody":"P\u0159ed n\u011bkolika m\u011bs\u00edci mi l\u00e9ka\u0159i diagnostikovali rakovinu. N\u00e1stup nemoci byl velmi rychl\u00fd. Sna\u017eila jsem se bojovat, jak to jen \u0161lo. Pak mi ale za\u010daly vypad\u00e1vat vlasy. Zn\u00ed to komicky, ale p\u0159ij\u00edt o svou chloubu na hlav\u011b pro m\u011b byla nejv\u011bt\u0161\u00ed r\u00e1na. Najednou jsem se p\u0159estala c\u00edtit jako \u017eena a sama jsem si za\u010dala svou psychikou zatloukat h\u0159eby do rakve. Okol\u00ed na m\u011b pozorovalo zm\u011bny a j\u00e1 u\u017e nedok\u00e1zala chodit s \u0161\u00e1tkem a d\u011blat, \u017ee se nic ned\u011bje. Nebyla jsem dost siln\u00e1 na to, abych vy\u0161la s holou hlavou mezi lidi. Nesnesla jsem soucit. Tak jsem vyzkou\u0161ela n\u011bco, co m\u011b nejsp\u00ed\u0161 zachr\u00e1nilo. Za\u010dala jsem nosit paruku.Byla jsem to zase j\u00e1V paruce jsem se c\u00edtila neuv\u011b\u0159iteln\u011b \u017eensky. B\u00e1la jsem se, \u017ee mi spadne, nebo ka\u017ed\u00fd pozn\u00e1, \u017ee nem\u00e1m prav\u00e9 vlasy. V\u0161e ale dopadlo skv\u011ble. D\u00edky lep\u0161\u00edmu sebev\u011bdom\u00ed se mi za\u010daly zlep\u0161ovat i v\u00fdsledky. Nov\u00e1 image mi zachr\u00e1nila \u017eivot.                                                                                                                                                                                                                                                                                                                                                                                                "},{"@context":"https:\/\/schema.org\/","@type":"BreadcrumbList","itemListElement":[{"@type":"ListItem","position":1,"name":"Nemoc mi zm\u011bnila \u017eivot","item":"https:\/\/www.comnetpl.cz\/nemoc-mi-zmenila-zivot\/#breadcrumbitem"}]}]