[{"@context":"https:\/\/schema.org\/","@type":"Article","@id":"https:\/\/www.comnetpl.cz\/pracujeme-z-domova\/#Article","mainEntityOfPage":"https:\/\/www.comnetpl.cz\/pracujeme-z-domova\/","headline":"Pracujeme z domova","name":"Pracujeme z domova","description":"\u010c\u00edm d\u00e1l t\u00edm v\u00edce se v dne\u0161n\u00ed dob\u011b podporuje pr\u00e1ce z domova. M\u00e1 to p\u0159irozen\u011b svoje","datePublished":"2020-03-15","dateModified":"2024-03-15","author":{"@type":"Person","@id":"https:\/\/www.comnetpl.cz\/author\/#Person","name":"comnetpl.cz\n","url":"https:\/\/www.comnetpl.cz\/author\/","identifier":1,"image":{"@type":"ImageObject","@id":"https:\/\/secure.gravatar.com\/avatar\/aa16db3f0f92015edeb6ced2fbc10116de89c6b4888114a368937de5fe58241b?s=96&d=mm&r=g","url":"https:\/\/secure.gravatar.com\/avatar\/aa16db3f0f92015edeb6ced2fbc10116de89c6b4888114a368937de5fe58241b?s=96&d=mm&r=g","height":96,"width":96}},"publisher":{"@type":"Organization","name":"comnetpl.cz","logo":{"@type":"ImageObject","@id":"\/logo.png","url":"\/logo.png","width":600,"height":60}},"image":{"@type":"ImageObject","@id":"https:\/\/www.comnetpl.cz\/wp-content\/uploads\/pracovna.jpg","url":"https:\/\/www.comnetpl.cz\/wp-content\/uploads\/pracovna.jpg","height":0,"width":0},"url":"https:\/\/www.comnetpl.cz\/pracujeme-z-domova\/","about":["Domov"],"wordCount":463,"articleBody":"        \u010c\u00edm d\u00e1l t\u00edm v\u00edce se v dne\u0161n\u00ed dob\u011b podporuje pr\u00e1ce z domova. M\u00e1 to p\u0159irozen\u011b svoje pro i sv\u00e9 proti. Nemus\u00ed v\u017edycky b\u00fdt jednoduch\u00e9 naj\u00edt tu spr\u00e1vnou discipl\u00ednu a vyhradit si p\u0159esn\u00fd \u010das na pr\u00e1ci, kterou m\u00e1me ud\u011blat. Hlavn\u011b si mus\u00edme stanovit ur\u010dit\u00e1 pravidla, kter\u00e1 povedou k odpov\u011bdnosti. Pokud je t\u0159eba vymezit \u010das na pracovn\u00ed povinnosti, tak by n\u00e1s nic jin\u00e9ho nem\u011blo rozptylovat. K tomu by m\u011blo b\u00fdt i vyhovuj\u00edc\u00ed prost\u0159ed\u00ed, kde se n\u00e1m bude dob\u0159e d\u011blat a na svoje \u00fakoly se budeme dostate\u010dn\u011b soust\u0159edit. Kdo m\u00e1 rodinn\u00fd domek, tak ve v\u011bt\u0161in\u011b p\u0159\u00edpad\u016f nem\u00e1 probl\u00e9my s voln\u00fdmi prostory, kter\u00e9 mu dovol\u00ed za\u0159\u00eddit si samostatnou m\u00edstnost, kter\u00e1 se mu stane kancel\u00e1\u0159\u00ed. V mal\u00fdch bytech je to v\u011bt\u0161inou probl\u00e9m, ale na v\u0161echno se d\u00e1 nal\u00e9zt \u0159e\u0161en\u00ed.Prost\u0159ed\u00ed se mus\u00ed spr\u00e1vn\u011b navrhnoutJe zcela logick\u00e9, \u017ee prostory, kde budeme pracovat, mus\u00ed b\u00fdt nejen prakticky uspo\u0159\u00e1dan\u00e9, ale tak\u00e9 by m\u011bly odpov\u00eddat designu. Mnohdy je to pro n\u00e1s velmi t\u011b\u017ek\u00fd \u00fakol, proto\u017ee stoj\u00edme celkem bezradn\u011b v pr\u00e1zdn\u00e9 m\u00edstnosti a nev\u00edme jak d\u00e1l. V\u00edme, \u017ee pot\u0159ebujeme st\u016fl, k\u0159eslo, prostory na odkl\u00e1d\u00e1n\u00ed doklad\u016f a dal\u0161\u00edch dokument\u016f. Ale jak v\u0161echno postavit, zvelebit, na to ji\u017e n\u00e1m kapacita n\u00e1pad\u016f a fantazie nesta\u010d\u00ed. Na\u0161t\u011bst\u00ed nen\u00ed probl\u00e9m se obr\u00e1tit na odborn\u00edky, kte\u0159\u00ed zpracov\u00e1vaj\u00ed n\u00e1vrhy pracoven https:\/\/bydesign.cz\/pracovny\/ a ty n\u00e1m ji\u017e vytvo\u0159\u00ed takov\u00e9 z\u00e1zem\u00ed, \u017ee se sem budeme docela r\u00e1di vracet. V dob\u0159e proveden\u00e9m a navr\u017een\u00e9m prost\u0159ed\u00ed se toti\u017e velmi dob\u0159e pracuje a odv\u00e1d\u00ed se skv\u011bl\u00e9 v\u00fdkony.Za m\u00edstnost se nikdo styd\u011bt nebudePokud se do pr\u00e1ce pust\u00ed bytov\u00ed architekti, tak pot\u00e9 p\u016fjde v\u0161echno jako po dr\u00e1tku. Prvn\u00ed n\u00e1v\u0161t\u011bva, n\u00e1vrhy a n\u00e1kresy \u010di p\u0159\u00edpadn\u00e1 realizace jdou ruku v ruce. Spr\u00e1vn\u00fd design\u00e9r nikdy nepracuje tak, \u017ee by prosazoval svoje z\u00e1jmy, ale v\u017edy up\u0159ednost\u0148uje z\u00e1jmy a p\u0159\u00e1n\u00ed klienta. Spole\u010dn\u011b naleznou nejvhodn\u011bj\u0161\u00ed \u0159e\u0161en\u00ed, kter\u00e9 bude odpov\u00eddat p\u0159edstav\u00e1m. P\u0159irozen\u011b v\u010detn\u011b vhodn\u00e9ho v\u00fdb\u011bru kancel\u00e1\u0159sk\u00e9ho n\u00e1bytku a p\u0159edev\u0161\u00edm praktick\u00e9ho. V takov\u00e9m prost\u0159ed\u00ed se pot\u00e9 budou dob\u0159e odv\u00e1d\u011bt pracovn\u00ed v\u00fdkony a nav\u00edc se majitel nebude muset strachovat zde d\u011blat i p\u0159\u00edpadn\u00e9 pracovn\u00ed audience.                                                                                                                                                                                                                                                                                                                                                                                           4\/5 - (6 votes)        "},{"@context":"https:\/\/schema.org\/","@type":"BreadcrumbList","itemListElement":[{"@type":"ListItem","position":1,"name":"Pracujeme z domova","item":"https:\/\/www.comnetpl.cz\/pracujeme-z-domova\/#breadcrumbitem"}]}]